{"id":1539,"date":"2023-03-02T13:28:09","date_gmt":"2023-03-02T12:28:09","guid":{"rendered":"https:\/\/kuechenstudio-falk.de\/wp_kueche\/?p=1539"},"modified":"2023-03-22T18:28:48","modified_gmt":"2023-03-22T17:28:48","slug":"was-gehoert-zu-einer-perfekten-kuechenplanung","status":"publish","type":"post","link":"https:\/\/kuechenstudio-falk.de\/wp_kueche\/2023\/03\/02\/was-gehoert-zu-einer-perfekten-kuechenplanung\/","title":{"rendered":"Was geh\u00f6rt zu einer perfekten K\u00fcchenplanung?"},"content":{"rendered":"\n<p>Eine perfekte K\u00fcchenplanung h\u00e4ngt von vielen Faktoren ab und kann je nach den individuellen Bed\u00fcrfnissen und Vorlieben variieren. Hier sind jedoch einige Aspekte, die bei einer guten K\u00fcchenplanung ber\u00fccksichtigt werden sollten:<\/p>\n\n\n\n<ol class=\"wp-block-list\" type=\"1\">\n<li>Funktionalit\u00e4t: Die K\u00fcche sollte funktional sein und gen\u00fcgend Arbeits- und Stauraum bieten. Es ist wichtig, dass alle Ger\u00e4te und Arbeitsbereiche effizient angeordnet werden, um eine reibungslose Arbeitsabl\u00e4ufe zu gew\u00e4hrleisten.<\/li>\n\n\n\n<li>Ergonomie: Die K\u00fcche sollte ergonomisch gestaltet sein, um eine optimale Nutzung zu erm\u00f6glichen. Die H\u00f6he der Arbeitsfl\u00e4chen und Ger\u00e4te sollte auf die K\u00f6rpergr\u00f6\u00dfe des Benutzers abgestimmt sein, um R\u00fcckenschmerzen und Verletzungen zu vermeiden.<\/li>\n\n\n\n<li>Stil: Der Stil der K\u00fcche sollte dem pers\u00f6nlichen Geschmack entsprechen und zur Einrichtung des Hauses passen. Eine harmonische Farbgebung und Materialwahl tragen dazu bei, dass die K\u00fcche ein gem\u00fctlicher Ort wird.<\/li>\n\n\n\n<li>Beleuchtung: Eine ausreichende Beleuchtung ist wichtig, um in der K\u00fcche sicher und effizient arbeiten zu k\u00f6nnen. Eine Kombination aus Decken- und Arbeitsplatzbeleuchtung ist ideal.<\/li>\n\n\n\n<li>Elektroger\u00e4te: Die Wahl der Elektroger\u00e4te sollte auf die individuellen Bed\u00fcrfnisse abgestimmt werden. Einbau-Ger\u00e4te bieten Platzersparnis und eine einheitliche Optik.<\/li>\n\n\n\n<li>Materialien: Die Auswahl der Materialien sollte auf ihre Langlebigkeit, Pflegeleichtigkeit und Hygiene achten. Arbeitsfl\u00e4chen sollten hitzebest\u00e4ndig und schnittfest sein.<\/li>\n\n\n\n<li>Aufteilung: Eine gut durchdachte Aufteilung erm\u00f6glicht eine effiziente Nutzung der K\u00fcche. Es ist wichtig, dass der Platz f\u00fcr Arbeitsbereiche, Ger\u00e4te und Stauraum ausreichend ist und sich in sinnvoller N\u00e4he zueinander befinden.<\/li>\n\n\n\n<li>Budget: Das Budget ist ein wichtiger Faktor bei der K\u00fcchenplanung. Es sollte auf alle Aspekte der K\u00fcche abgestimmt werden und auch zuk\u00fcnftige Anforderungen ber\u00fccksichtigen.<\/li>\n<\/ol>\n\n\n\n<p>Eine perfekte K\u00fcchenplanung h\u00e4ngt von vielen Faktoren ab und erfordert eine sorgf\u00e4ltige Abw\u00e4gung aller Faktoren. Eine professionelle Beratung kann dabei helfen, die individuellen Bed\u00fcrfnisse und W\u00fcnsche in Einklang zu bringen.<\/p>\n\n\n<div class=\"wpforms-container wpforms-container-full wpforms-block\" id=\"wpforms-1564\"><form id=\"wpforms-form-1564\" class=\"wpforms-validate wpforms-form wpforms-ajax-form\" data-formid=\"1564\" method=\"post\" enctype=\"multipart\/form-data\" action=\"\/wp_kueche\/wp-json\/wp\/v2\/posts\/1539\" data-token=\"035c48631a635d4f05bcc54387aa561a\" data-token-time=\"1777300821\"><noscript class=\"wpforms-error-noscript\">Bitte aktiviere JavaScript in deinem Browser, um dieses Formular fertigzustellen.<\/noscript><div class=\"wpforms-field-container\"><div id=\"wpforms-1564-field_0-container\" class=\"wpforms-field wpforms-field-name\" data-field-id=\"0\"><label class=\"wpforms-field-label\">Name <span class=\"wpforms-required-label\">*<\/span><\/label><div class=\"wpforms-field-row wpforms-field-medium\"><div class=\"wpforms-field-row-block wpforms-first wpforms-one-half\"><input type=\"text\" id=\"wpforms-1564-field_0\" class=\"wpforms-field-name-first wpforms-field-required\" name=\"wpforms[fields][0][first]\" required><label for=\"wpforms-1564-field_0\" class=\"wpforms-field-sublabel after\">Vorname<\/label><\/div><div class=\"wpforms-field-row-block wpforms-one-half\"><input type=\"text\" id=\"wpforms-1564-field_0-last\" class=\"wpforms-field-name-last wpforms-field-required\" name=\"wpforms[fields][0][last]\" required><label for=\"wpforms-1564-field_0-last\" class=\"wpforms-field-sublabel after\">Nachname<\/label><\/div><\/div><\/div><div id=\"wpforms-1564-field_1-container\" class=\"wpforms-field wpforms-field-email\" data-field-id=\"1\"><label class=\"wpforms-field-label\" for=\"wpforms-1564-field_1\">E-Mail <span class=\"wpforms-required-label\">*<\/span><\/label><input type=\"email\" id=\"wpforms-1564-field_1\" class=\"wpforms-field-medium wpforms-field-required\" name=\"wpforms[fields][1]\" spellcheck=\"false\" required><\/div><div id=\"wpforms-1564-field_2-container\" class=\"wpforms-field wpforms-field-textarea\" data-field-id=\"2\"><label class=\"wpforms-field-label\" for=\"wpforms-1564-field_2\">Kommentar oder Nachricht<\/label><textarea id=\"wpforms-1564-field_2\" class=\"wpforms-field-medium\" name=\"wpforms[fields][2]\" ><\/textarea><\/div><\/div><!-- .wpforms-field-container --><div class=\"wpforms-recaptcha-container wpforms-is-recaptcha wpforms-is-recaptcha-type-v3\" ><input type=\"hidden\" name=\"wpforms[recaptcha]\" value=\"\"><\/div><div class=\"wpforms-submit-container\" ><input type=\"hidden\" name=\"wpforms[id]\" value=\"1564\"><input type=\"hidden\" name=\"page_title\" value=\"\"><input type=\"hidden\" name=\"page_url\" value=\"https:\/\/kuechenstudio-falk.de\/wp_kueche\/wp-json\/wp\/v2\/posts\/1539\"><input type=\"hidden\" name=\"url_referer\" value=\"\"><button type=\"submit\" name=\"wpforms[submit]\" id=\"wpforms-submit-1564\" class=\"wpforms-submit\" data-alt-text=\"Senden\u2026\" data-submit-text=\"Absenden\" aria-live=\"assertive\" value=\"wpforms-submit\">Absenden<\/button><img loading=\"lazy\" decoding=\"async\" src=\"https:\/\/kuechenstudio-falk.de\/wp_kueche\/wp-content\/plugins\/wpforms-lite\/assets\/images\/submit-spin.svg\" class=\"wpforms-submit-spinner\" style=\"display: none;\" width=\"26\" height=\"26\" alt=\"Wird geladen\"><\/div><\/form><\/div>  <!-- .wpforms-container -->","protected":false},"excerpt":{"rendered":"<p>Eine perfekte K\u00fcchenplanung h\u00e4ngt von vielen Faktoren ab und kann je nach den individuellen Bed\u00fcrfnissen und Vorlieben variieren. Hier sind jedoch einige Aspekte, die bei einer guten K\u00fcchenplanung ber\u00fccksichtigt werden &#8230;<\/p>\n","protected":false},"author":1,"featured_media":1464,"comment_status":"closed","ping_status":"open","sticky":true,"template":"","format":"standard","meta":{"footnotes":""},"categories":[1],"tags":[],"class_list":["post-1539","post","type-post","status-publish","format-standard","has-post-thumbnail","hentry","category-allgemein"],"_links":{"self":[{"href":"https:\/\/kuechenstudio-falk.de\/wp_kueche\/wp-json\/wp\/v2\/posts\/1539","targetHints":{"allow":["GET"]}}],"collection":[{"href":"https:\/\/kuechenstudio-falk.de\/wp_kueche\/wp-json\/wp\/v2\/posts"}],"about":[{"href":"https:\/\/kuechenstudio-falk.de\/wp_kueche\/wp-json\/wp\/v2\/types\/post"}],"author":[{"embeddable":true,"href":"https:\/\/kuechenstudio-falk.de\/wp_kueche\/wp-json\/wp\/v2\/users\/1"}],"replies":[{"embeddable":true,"href":"https:\/\/kuechenstudio-falk.de\/wp_kueche\/wp-json\/wp\/v2\/comments?post=1539"}],"version-history":[{"count":2,"href":"https:\/\/kuechenstudio-falk.de\/wp_kueche\/wp-json\/wp\/v2\/posts\/1539\/revisions"}],"predecessor-version":[{"id":1573,"href":"https:\/\/kuechenstudio-falk.de\/wp_kueche\/wp-json\/wp\/v2\/posts\/1539\/revisions\/1573"}],"wp:featuredmedia":[{"embeddable":true,"href":"https:\/\/kuechenstudio-falk.de\/wp_kueche\/wp-json\/wp\/v2\/media\/1464"}],"wp:attachment":[{"href":"https:\/\/kuechenstudio-falk.de\/wp_kueche\/wp-json\/wp\/v2\/media?parent=1539"}],"wp:term":[{"taxonomy":"category","embeddable":true,"href":"https:\/\/kuechenstudio-falk.de\/wp_kueche\/wp-json\/wp\/v2\/categories?post=1539"},{"taxonomy":"post_tag","embeddable":true,"href":"https:\/\/kuechenstudio-falk.de\/wp_kueche\/wp-json\/wp\/v2\/tags?post=1539"}],"curies":[{"name":"wp","href":"https:\/\/api.w.org\/{rel}","templated":true}]}}